{"id":7415,"date":"2025-04-04T16:20:30","date_gmt":"2025-04-04T16:20:30","guid":{"rendered":"https:\/\/mu.is\/?p=7415"},"modified":"2025-04-04T16:20:30","modified_gmt":"2025-04-04T16:20:30","slug":"baejarins-beztu-reopens-in-reykjavik-park-zoo","status":"publish","type":"post","link":"https:\/\/mu.is\/en\/baejarins-beztu-reopens-in-reykjavik-park-zoo\/","title":{"rendered":"B\u00e6jarins Beztu reopens in Reykjavik Park &#038; Zoo!"},"content":{"rendered":"<p>Springtime is here and it is not only newborn goat kids that mark the beginning of spring but also the reopening of B\u00e6jarins Beztu&#8217;s hot dog caf\u00e9 after its hibernation this past the winter. Park guests can enjoy steaming hot dogs, ice cold soda, sweets, snacks, baked goods, and the coffee is of course freshly brewed.<\/p>\n<p>The park is open every day from 10 to 17, but even though the sun is shining already, we need to get some things ready before the summer can begin for real. The attractions that require the presence of staff are still closed, but the playground area is open. The manned rides will hopefully be opened one after the other as summer draws near. The feeding schedule for the animals is as usual, and as this is being written, we eagerly await the birth of our final goat kid.<\/p>\n","protected":false},"excerpt":{"rendered":"<p>B\u00e6jarins Beztu&#8217;s hot dog caf\u00e9 reopens after its hibernation this past the winter.<\/p>\n","protected":false},"author":13,"featured_media":4989,"comment_status":"closed","ping_status":"open","sticky":false,"template":"","format":"standard","meta":{"_acf_changed":false,"footnotes":""},"categories":[41],"tags":[],"class_list":["post-7415","post","type-post","status-publish","format-standard","has-post-thumbnail","hentry","category-news"],"acf":[],"yoast_head":"<!-- This site is optimized with the Yoast SEO plugin v25.9 - https:\/\/yoast.com\/wordpress\/plugins\/seo\/ -->\n<title>B\u00e6jarins Beztu reopens in Reykjavik Park &amp; Zoo! - mu.is<\/title>\n<meta name=\"description\" content=\"B\u00e6jarins Beztu&#039;s hot dog caf\u00e9 reopens after its hibernation this past the winter.\" \/>\n<meta name=\"robots\" content=\"index, follow, max-snippet:-1, max-image-preview:large, max-video-preview:-1\" \/>\n<link rel=\"canonical\" href=\"https:\/\/mu.is\/en\/baejarins-beztu-reopens-in-reykjavik-park-zoo\/\" \/>\n<meta property=\"og:locale\" content=\"en_US\" \/>\n<meta property=\"og:type\" content=\"article\" \/>\n<meta property=\"og:title\" content=\"B\u00e6jarins Beztu reopens in Reykjavik Park &amp; Zoo! - mu.is\" \/>\n<meta property=\"og:description\" content=\"B\u00e6jarins Beztu&#039;s hot dog caf\u00e9 reopens after its hibernation this past the winter.\" \/>\n<meta property=\"og:url\" content=\"https:\/\/mu.is\/en\/baejarins-beztu-reopens-in-reykjavik-park-zoo\/\" \/>\n<meta property=\"og:site_name\" content=\"mu.is\" \/>\n<meta property=\"article:published_time\" content=\"2025-04-04T16:20:30+00:00\" \/>\n<meta property=\"og:image\" content=\"https:\/\/mu.is\/wp-content\/uploads\/2021\/11\/273945194_10160081814047940_8493992124889107014_n-1-e1679577599670.jpg\" \/>\n\t<meta property=\"og:image:width\" content=\"960\" \/>\n\t<meta property=\"og:image:height\" content=\"720\" \/>\n\t<meta property=\"og:image:type\" content=\"image\/jpeg\" \/>\n<meta name=\"author\" content=\"ninna\" \/>\n<meta name=\"twitter:card\" content=\"summary_large_image\" \/>\n<meta name=\"twitter:label1\" content=\"Written by\" \/>\n\t<meta name=\"twitter:data1\" content=\"ninna\" \/>\n\t<meta name=\"twitter:label2\" content=\"Est. reading time\" \/>\n\t<meta name=\"twitter:data2\" content=\"1 minute\" \/>\n<script type=\"application\/ld+json\" class=\"yoast-schema-graph\">{\"@context\":\"https:\/\/schema.org\",\"@graph\":[{\"@type\":\"Article\",\"@id\":\"https:\/\/mu.is\/en\/baejarins-beztu-reopens-in-reykjavik-park-zoo\/#article\",\"isPartOf\":{\"@id\":\"https:\/\/mu.is\/en\/baejarins-beztu-reopens-in-reykjavik-park-zoo\/\"},\"author\":{\"name\":\"ninna\",\"@id\":\"https:\/\/mu.is\/#\/schema\/person\/e57542f1e58e7268cb7af8fb9296c569\"},\"headline\":\"B\u00e6jarins Beztu reopens in Reykjavik Park &#038; Zoo!\",\"datePublished\":\"2025-04-04T16:20:30+00:00\",\"mainEntityOfPage\":{\"@id\":\"https:\/\/mu.is\/en\/baejarins-beztu-reopens-in-reykjavik-park-zoo\/\"},\"wordCount\":153,\"publisher\":{\"@id\":\"https:\/\/mu.is\/#organization\"},\"image\":{\"@id\":\"https:\/\/mu.is\/en\/baejarins-beztu-reopens-in-reykjavik-park-zoo\/#primaryimage\"},\"thumbnailUrl\":\"https:\/\/mu.is\/wp-content\/uploads\/2021\/11\/273945194_10160081814047940_8493992124889107014_n-1-e1679577599670.jpg\",\"articleSection\":[\"News\"],\"inLanguage\":\"en-US\"},{\"@type\":\"WebPage\",\"@id\":\"https:\/\/mu.is\/en\/baejarins-beztu-reopens-in-reykjavik-park-zoo\/\",\"url\":\"https:\/\/mu.is\/en\/baejarins-beztu-reopens-in-reykjavik-park-zoo\/\",\"name\":\"B\u00e6jarins Beztu reopens in Reykjavik Park & Zoo! - mu.is\",\"isPartOf\":{\"@id\":\"https:\/\/mu.is\/#website\"},\"primaryImageOfPage\":{\"@id\":\"https:\/\/mu.is\/en\/baejarins-beztu-reopens-in-reykjavik-park-zoo\/#primaryimage\"},\"image\":{\"@id\":\"https:\/\/mu.is\/en\/baejarins-beztu-reopens-in-reykjavik-park-zoo\/#primaryimage\"},\"thumbnailUrl\":\"https:\/\/mu.is\/wp-content\/uploads\/2021\/11\/273945194_10160081814047940_8493992124889107014_n-1-e1679577599670.jpg\",\"datePublished\":\"2025-04-04T16:20:30+00:00\",\"description\":\"B\u00e6jarins Beztu's hot dog caf\u00e9 reopens after its hibernation this past the winter.\",\"breadcrumb\":{\"@id\":\"https:\/\/mu.is\/en\/baejarins-beztu-reopens-in-reykjavik-park-zoo\/#breadcrumb\"},\"inLanguage\":\"en-US\",\"potentialAction\":[{\"@type\":\"ReadAction\",\"target\":[\"https:\/\/mu.is\/en\/baejarins-beztu-reopens-in-reykjavik-park-zoo\/\"]}]},{\"@type\":\"ImageObject\",\"inLanguage\":\"en-US\",\"@id\":\"https:\/\/mu.is\/en\/baejarins-beztu-reopens-in-reykjavik-park-zoo\/#primaryimage\",\"url\":\"https:\/\/mu.is\/wp-content\/uploads\/2021\/11\/273945194_10160081814047940_8493992124889107014_n-1-e1679577599670.jpg\",\"contentUrl\":\"https:\/\/mu.is\/wp-content\/uploads\/2021\/11\/273945194_10160081814047940_8493992124889107014_n-1-e1679577599670.jpg\",\"width\":960,\"height\":720},{\"@type\":\"BreadcrumbList\",\"@id\":\"https:\/\/mu.is\/en\/baejarins-beztu-reopens-in-reykjavik-park-zoo\/#breadcrumb\",\"itemListElement\":[{\"@type\":\"ListItem\",\"position\":1,\"name\":\"Home\",\"item\":\"https:\/\/mu.is\/en\/\"},{\"@type\":\"ListItem\",\"position\":2,\"name\":\"B\u00e6jarins Beztu reopens in Reykjavik Park &#038; Zoo!\"}]},{\"@type\":\"WebSite\",\"@id\":\"https:\/\/mu.is\/#website\",\"url\":\"https:\/\/mu.is\/\",\"name\":\"mu.is\",\"description\":\"\",\"publisher\":{\"@id\":\"https:\/\/mu.is\/#organization\"},\"potentialAction\":[{\"@type\":\"SearchAction\",\"target\":{\"@type\":\"EntryPoint\",\"urlTemplate\":\"https:\/\/mu.is\/?s={search_term_string}\"},\"query-input\":{\"@type\":\"PropertyValueSpecification\",\"valueRequired\":true,\"valueName\":\"search_term_string\"}}],\"inLanguage\":\"en-US\"},{\"@type\":\"Organization\",\"@id\":\"https:\/\/mu.is\/#organization\",\"name\":\"mu.is\",\"url\":\"https:\/\/mu.is\/\",\"logo\":{\"@type\":\"ImageObject\",\"inLanguage\":\"en-US\",\"@id\":\"https:\/\/mu.is\/#\/schema\/logo\/image\/\",\"url\":\"https:\/\/mu.is\/wp-content\/uploads\/2021\/11\/main-logo.svg\",\"contentUrl\":\"https:\/\/mu.is\/wp-content\/uploads\/2021\/11\/main-logo.svg\",\"width\":163,\"height\":189,\"caption\":\"mu.is\"},\"image\":{\"@id\":\"https:\/\/mu.is\/#\/schema\/logo\/image\/\"}},{\"@type\":\"Person\",\"@id\":\"https:\/\/mu.is\/#\/schema\/person\/e57542f1e58e7268cb7af8fb9296c569\",\"name\":\"ninna\",\"url\":\"https:\/\/mu.is\/en\/author\/ninna\/\"}]}<\/script>\n<!-- \/ Yoast SEO plugin. -->","yoast_head_json":{"title":"B\u00e6jarins Beztu reopens in Reykjavik Park & Zoo! - mu.is","description":"B\u00e6jarins Beztu's hot dog caf\u00e9 reopens after its hibernation this past the winter.","robots":{"index":"index","follow":"follow","max-snippet":"max-snippet:-1","max-image-preview":"max-image-preview:large","max-video-preview":"max-video-preview:-1"},"canonical":"https:\/\/mu.is\/en\/baejarins-beztu-reopens-in-reykjavik-park-zoo\/","og_locale":"en_US","og_type":"article","og_title":"B\u00e6jarins Beztu reopens in Reykjavik Park & Zoo! - mu.is","og_description":"B\u00e6jarins Beztu's hot dog caf\u00e9 reopens after its hibernation this past the winter.","og_url":"https:\/\/mu.is\/en\/baejarins-beztu-reopens-in-reykjavik-park-zoo\/","og_site_name":"mu.is","article_published_time":"2025-04-04T16:20:30+00:00","og_image":[{"width":960,"height":720,"url":"https:\/\/mu.is\/wp-content\/uploads\/2021\/11\/273945194_10160081814047940_8493992124889107014_n-1-e1679577599670.jpg","type":"image\/jpeg"}],"author":"ninna","twitter_card":"summary_large_image","twitter_misc":{"Written by":"ninna","Est. reading time":"1 minute"},"schema":{"@context":"https:\/\/schema.org","@graph":[{"@type":"Article","@id":"https:\/\/mu.is\/en\/baejarins-beztu-reopens-in-reykjavik-park-zoo\/#article","isPartOf":{"@id":"https:\/\/mu.is\/en\/baejarins-beztu-reopens-in-reykjavik-park-zoo\/"},"author":{"name":"ninna","@id":"https:\/\/mu.is\/#\/schema\/person\/e57542f1e58e7268cb7af8fb9296c569"},"headline":"B\u00e6jarins Beztu reopens in Reykjavik Park &#038; Zoo!","datePublished":"2025-04-04T16:20:30+00:00","mainEntityOfPage":{"@id":"https:\/\/mu.is\/en\/baejarins-beztu-reopens-in-reykjavik-park-zoo\/"},"wordCount":153,"publisher":{"@id":"https:\/\/mu.is\/#organization"},"image":{"@id":"https:\/\/mu.is\/en\/baejarins-beztu-reopens-in-reykjavik-park-zoo\/#primaryimage"},"thumbnailUrl":"https:\/\/mu.is\/wp-content\/uploads\/2021\/11\/273945194_10160081814047940_8493992124889107014_n-1-e1679577599670.jpg","articleSection":["News"],"inLanguage":"en-US"},{"@type":"WebPage","@id":"https:\/\/mu.is\/en\/baejarins-beztu-reopens-in-reykjavik-park-zoo\/","url":"https:\/\/mu.is\/en\/baejarins-beztu-reopens-in-reykjavik-park-zoo\/","name":"B\u00e6jarins Beztu reopens in Reykjavik Park & Zoo! - mu.is","isPartOf":{"@id":"https:\/\/mu.is\/#website"},"primaryImageOfPage":{"@id":"https:\/\/mu.is\/en\/baejarins-beztu-reopens-in-reykjavik-park-zoo\/#primaryimage"},"image":{"@id":"https:\/\/mu.is\/en\/baejarins-beztu-reopens-in-reykjavik-park-zoo\/#primaryimage"},"thumbnailUrl":"https:\/\/mu.is\/wp-content\/uploads\/2021\/11\/273945194_10160081814047940_8493992124889107014_n-1-e1679577599670.jpg","datePublished":"2025-04-04T16:20:30+00:00","description":"B\u00e6jarins Beztu's hot dog caf\u00e9 reopens after its hibernation this past the winter.","breadcrumb":{"@id":"https:\/\/mu.is\/en\/baejarins-beztu-reopens-in-reykjavik-park-zoo\/#breadcrumb"},"inLanguage":"en-US","potentialAction":[{"@type":"ReadAction","target":["https:\/\/mu.is\/en\/baejarins-beztu-reopens-in-reykjavik-park-zoo\/"]}]},{"@type":"ImageObject","inLanguage":"en-US","@id":"https:\/\/mu.is\/en\/baejarins-beztu-reopens-in-reykjavik-park-zoo\/#primaryimage","url":"https:\/\/mu.is\/wp-content\/uploads\/2021\/11\/273945194_10160081814047940_8493992124889107014_n-1-e1679577599670.jpg","contentUrl":"https:\/\/mu.is\/wp-content\/uploads\/2021\/11\/273945194_10160081814047940_8493992124889107014_n-1-e1679577599670.jpg","width":960,"height":720},{"@type":"BreadcrumbList","@id":"https:\/\/mu.is\/en\/baejarins-beztu-reopens-in-reykjavik-park-zoo\/#breadcrumb","itemListElement":[{"@type":"ListItem","position":1,"name":"Home","item":"https:\/\/mu.is\/en\/"},{"@type":"ListItem","position":2,"name":"B\u00e6jarins Beztu reopens in Reykjavik Park &#038; Zoo!"}]},{"@type":"WebSite","@id":"https:\/\/mu.is\/#website","url":"https:\/\/mu.is\/","name":"mu.is","description":"","publisher":{"@id":"https:\/\/mu.is\/#organization"},"potentialAction":[{"@type":"SearchAction","target":{"@type":"EntryPoint","urlTemplate":"https:\/\/mu.is\/?s={search_term_string}"},"query-input":{"@type":"PropertyValueSpecification","valueRequired":true,"valueName":"search_term_string"}}],"inLanguage":"en-US"},{"@type":"Organization","@id":"https:\/\/mu.is\/#organization","name":"mu.is","url":"https:\/\/mu.is\/","logo":{"@type":"ImageObject","inLanguage":"en-US","@id":"https:\/\/mu.is\/#\/schema\/logo\/image\/","url":"https:\/\/mu.is\/wp-content\/uploads\/2021\/11\/main-logo.svg","contentUrl":"https:\/\/mu.is\/wp-content\/uploads\/2021\/11\/main-logo.svg","width":163,"height":189,"caption":"mu.is"},"image":{"@id":"https:\/\/mu.is\/#\/schema\/logo\/image\/"}},{"@type":"Person","@id":"https:\/\/mu.is\/#\/schema\/person\/e57542f1e58e7268cb7af8fb9296c569","name":"ninna","url":"https:\/\/mu.is\/en\/author\/ninna\/"}]}},"_links":{"self":[{"href":"https:\/\/mu.is\/en\/wp-json\/wp\/v2\/posts\/7415","targetHints":{"allow":["GET"]}}],"collection":[{"href":"https:\/\/mu.is\/en\/wp-json\/wp\/v2\/posts"}],"about":[{"href":"https:\/\/mu.is\/en\/wp-json\/wp\/v2\/types\/post"}],"author":[{"embeddable":true,"href":"https:\/\/mu.is\/en\/wp-json\/wp\/v2\/users\/13"}],"replies":[{"embeddable":true,"href":"https:\/\/mu.is\/en\/wp-json\/wp\/v2\/comments?post=7415"}],"version-history":[{"count":1,"href":"https:\/\/mu.is\/en\/wp-json\/wp\/v2\/posts\/7415\/revisions"}],"predecessor-version":[{"id":7416,"href":"https:\/\/mu.is\/en\/wp-json\/wp\/v2\/posts\/7415\/revisions\/7416"}],"wp:featuredmedia":[{"embeddable":true,"href":"https:\/\/mu.is\/en\/wp-json\/wp\/v2\/media\/4989"}],"wp:attachment":[{"href":"https:\/\/mu.is\/en\/wp-json\/wp\/v2\/media?parent=7415"}],"wp:term":[{"taxonomy":"category","embeddable":true,"href":"https:\/\/mu.is\/en\/wp-json\/wp\/v2\/categories?post=7415"},{"taxonomy":"post_tag","embeddable":true,"href":"https:\/\/mu.is\/en\/wp-json\/wp\/v2\/tags?post=7415"}],"curies":[{"name":"wp","href":"https:\/\/api.w.org\/{rel}","templated":true}]}}